{"id":4572,"date":"2025-03-18T18:09:36","date_gmt":"2025-03-18T17:09:36","guid":{"rendered":"https:\/\/wellnessforum.pro\/?p=4572"},"modified":"2025-03-18T18:09:37","modified_gmt":"2025-03-18T17:09:37","slug":"the-iconic-european-fitness-fair-fibo-will-have-a-new-space-dedicated-to-wellness-and-longevity","status":"publish","type":"post","link":"https:\/\/wellnessforum.pro\/en\/la-iconica-feria-europea-del-fitness-fibo-tendra-un-nuevo-espacio-dedicado-a-bienestar-y-longevidad\/","title":{"rendered":"Europe's iconic fitness trade fair, FIBO, will have a new space dedicated to wellness and longevity."},"content":{"rendered":"<p>The <strong><a href=\"http:\/\/www.fibo.com\">FIBO 2025<\/a><\/strong>The world's leading fitness trade fair will present for the first time a new exhibition area dedicated exclusively to wellness, spa, Pilates and longevity in the new Hall 1. This milestone reflects the growing importance of these sectors in the modern hospitality industry, responding to the increasing demand from travellers for health and wellness.<\/p>\n\n\n\n<p>According to Anke Brendt, FIBO's product manager, the aim is to provide hoteliers, spa operators, studio owners, medical professionals and wellness experts with an unrivalled platform for knowledge exchange, innovation and networking. The show will offer visionary formats that encourage dialogue between industry leaders and provide practical information.<\/p>\n\n\n\n<p>Meeting Point Spa &amp; Wellness will serve as the epicentre for networking and knowledge exchange, offering interactive sessions, high-quality presentations and discussions led by industry experts during the four-day event. The programme will include the presentation of the prestigious Aktiv Hotel Award, the International Day with innovative strategies for hoteliers and resort operators, and sessions dedicated to diagnostics, interventions and longevity technologies. The event will culminate with Spa Sunday, an exclusive gathering for spa managers and professionals.<\/p>\n\n\n\n<p>The Longevity Experience Area, in partnership with C4F, will offer an immersive experience in a hotel room designed around the principles of longevity, highlighting innovative solutions for health and wellness.<\/p>\n\n\n\n<p>In addition, the Body &amp; Mind Area will return with a diverse training programme focusing on Pilates, yoga and mental health, organised by the IFAA, providing development opportunities for professionals and enthusiasts alike.<\/p>\n\n\n\n<p>The Longevity &amp; Hospitality Summit, scheduled for 10 April, will bring together international experts to present the latest trends and strategies in longevity as applied to the hospitality industry, offering a unique opportunity for networking and learning.<\/p>\n\n\n\n<p>FIBO 2025 will take place from 10-13 April at the Cologne Exhibition Centre in Cologne, Germany. Tickets for the Longevity &amp; Hospitality Summit are available through the FIBO ticket shop, with an exclusive invitation to a networking dinner for the first 100 purchasers.<\/p>\n\n\n\n<p>For more information and updates on FIBO 2025, please visit the official website: <a href=\"http:\/\/www.fibo.com\">www.fibo.com<\/a><\/p>\n\n\n\n<figure class=\"wp-block-image size-full\"><img fetchpriority=\"high\" decoding=\"async\" width=\"799\" height=\"531\" src=\"https:\/\/wellnessforum.pro\/wp-content\/uploads\/2025\/03\/Halle-1-auf-der-FIBO-2025.jpg\" alt=\"\" class=\"wp-image-4575\" srcset=\"https:\/\/wellnessforum.pro\/wp-content\/uploads\/2025\/03\/Halle-1-auf-der-FIBO-2025.jpg 799w, https:\/\/wellnessforum.pro\/wp-content\/uploads\/2025\/03\/Halle-1-auf-der-FIBO-2025-300x199.jpg 300w, https:\/\/wellnessforum.pro\/wp-content\/uploads\/2025\/03\/Halle-1-auf-der-FIBO-2025-768x510.jpg 768w\" sizes=\"(max-width: 799px) 100vw, 799px\" \/><\/figure>","protected":false},"excerpt":{"rendered":"<p>La FIBO 2025, la feria l\u00edder mundial en fitness presentar\u00e1 por primera vez una nueva \u00e1rea de exposici\u00f3n dedicada exclusivamente al bienestar, spa, Pilates y longevidad en el nuevo Hall 1. Este hito refleja la creciente importancia de estos sectores en la industria hotelera moderna, respondiendo a la creciente demanda de los viajeros por salud [&hellip;]<\/p>\n","protected":false},"author":1,"featured_media":4574,"comment_status":"closed","ping_status":"open","sticky":false,"template":"","format":"standard","meta":{"footnotes":""},"categories":[162,27,17],"tags":[],"class_list":["post-4572","post","type-post","status-publish","format-standard","has-post-thumbnail","hentry","category-actualidad","category-eventos","category-fitness"],"yoast_head":"<!-- This site is optimized with the Yoast SEO plugin v27.4 - https:\/\/yoast.com\/product\/yoast-seo-wordpress\/ -->\n<title>La ic\u00f3nica feria europea del fitness, FIBO, tendr\u00e1 un nuevo espacio dedicado a bienestar y longevidad<\/title>\n<meta name=\"description\" content=\"La FIBO 2025, la feria l\u00edder mundial en fitness presentar\u00e1 por primera vez una nueva \u00e1rea de exposici\u00f3n dedicada exclusivamente al bienestar\" \/>\n<meta name=\"robots\" content=\"index, follow, max-snippet:-1, max-image-preview:large, max-video-preview:-1\" \/>\n<link rel=\"canonical\" href=\"https:\/\/wellnessforum.pro\/en\/the-iconic-european-fitness-fair-fibo-will-have-a-new-space-dedicated-to-wellness-and-longevity\/\" \/>\n<meta property=\"og:locale\" content=\"en_GB\" \/>\n<meta property=\"og:type\" content=\"article\" \/>\n<meta property=\"og:title\" content=\"La ic\u00f3nica feria europea del fitness, FIBO, tendr\u00e1 un nuevo espacio dedicado a bienestar y longevidad\" \/>\n<meta property=\"og:description\" content=\"La FIBO 2025, la feria l\u00edder mundial en fitness presentar\u00e1 por primera vez una nueva \u00e1rea de exposici\u00f3n dedicada exclusivamente al bienestar\" \/>\n<meta property=\"og:url\" content=\"https:\/\/wellnessforum.pro\/en\/the-iconic-european-fitness-fair-fibo-will-have-a-new-space-dedicated-to-wellness-and-longevity\/\" \/>\n<meta property=\"og:site_name\" content=\"Wellness Forum\" \/>\n<meta property=\"article:published_time\" content=\"2025-03-18T17:09:36+00:00\" \/>\n<meta property=\"article:modified_time\" content=\"2025-03-18T17:09:37+00:00\" \/>\n<meta property=\"og:image\" content=\"https:\/\/wellnessforum.pro\/wp-content\/uploads\/2025\/03\/fibo.jpg\" \/>\n\t<meta property=\"og:image:width\" content=\"1200\" \/>\n\t<meta property=\"og:image:height\" content=\"800\" \/>\n\t<meta property=\"og:image:type\" content=\"image\/jpeg\" \/>\n<meta name=\"author\" content=\"Redacci\u00f3n\" \/>\n<meta name=\"twitter:card\" content=\"summary_large_image\" \/>\n<meta name=\"twitter:label1\" content=\"Written by\" \/>\n\t<meta name=\"twitter:data1\" content=\"Redacci\u00f3n\" \/>\n\t<meta name=\"twitter:label2\" content=\"Estimated reading time\" \/>\n\t<meta name=\"twitter:data2\" content=\"3 minutes\" \/>\n<script type=\"application\/ld+json\" class=\"yoast-schema-graph\">{\"@context\":\"https:\\\/\\\/schema.org\",\"@graph\":[{\"@type\":\"Article\",\"@id\":\"https:\\\/\\\/wellnessforum.pro\\\/la-iconica-feria-europea-del-fitness-fibo-tendra-un-nuevo-espacio-dedicado-a-bienestar-y-longevidad\\\/#article\",\"isPartOf\":{\"@id\":\"https:\\\/\\\/wellnessforum.pro\\\/la-iconica-feria-europea-del-fitness-fibo-tendra-un-nuevo-espacio-dedicado-a-bienestar-y-longevidad\\\/\"},\"author\":{\"name\":\"Redacci\u00f3n\",\"@id\":\"https:\\\/\\\/wellnessforum.pro\\\/#\\\/schema\\\/person\\\/e6275a3e7980b403888dac6447b81c63\"},\"headline\":\"La ic\u00f3nica feria europea del fitness, FIBO, tendr\u00e1 un nuevo espacio dedicado a bienestar y longevidad\",\"datePublished\":\"2025-03-18T17:09:36+00:00\",\"dateModified\":\"2025-03-18T17:09:37+00:00\",\"mainEntityOfPage\":{\"@id\":\"https:\\\/\\\/wellnessforum.pro\\\/la-iconica-feria-europea-del-fitness-fibo-tendra-un-nuevo-espacio-dedicado-a-bienestar-y-longevidad\\\/\"},\"wordCount\":414,\"publisher\":{\"@id\":\"https:\\\/\\\/wellnessforum.pro\\\/#organization\"},\"image\":{\"@id\":\"https:\\\/\\\/wellnessforum.pro\\\/la-iconica-feria-europea-del-fitness-fibo-tendra-un-nuevo-espacio-dedicado-a-bienestar-y-longevidad\\\/#primaryimage\"},\"thumbnailUrl\":\"https:\\\/\\\/wellnessforum.pro\\\/wp-content\\\/uploads\\\/2025\\\/03\\\/fibo.jpg\",\"articleSection\":[\"Actualidad\",\"Eventos\",\"Fitness\"],\"inLanguage\":\"en-GB\"},{\"@type\":\"WebPage\",\"@id\":\"https:\\\/\\\/wellnessforum.pro\\\/la-iconica-feria-europea-del-fitness-fibo-tendra-un-nuevo-espacio-dedicado-a-bienestar-y-longevidad\\\/\",\"url\":\"https:\\\/\\\/wellnessforum.pro\\\/la-iconica-feria-europea-del-fitness-fibo-tendra-un-nuevo-espacio-dedicado-a-bienestar-y-longevidad\\\/\",\"name\":\"La ic\u00f3nica feria europea del fitness, FIBO, tendr\u00e1 un nuevo espacio dedicado a bienestar y longevidad\",\"isPartOf\":{\"@id\":\"https:\\\/\\\/wellnessforum.pro\\\/#website\"},\"primaryImageOfPage\":{\"@id\":\"https:\\\/\\\/wellnessforum.pro\\\/la-iconica-feria-europea-del-fitness-fibo-tendra-un-nuevo-espacio-dedicado-a-bienestar-y-longevidad\\\/#primaryimage\"},\"image\":{\"@id\":\"https:\\\/\\\/wellnessforum.pro\\\/la-iconica-feria-europea-del-fitness-fibo-tendra-un-nuevo-espacio-dedicado-a-bienestar-y-longevidad\\\/#primaryimage\"},\"thumbnailUrl\":\"https:\\\/\\\/wellnessforum.pro\\\/wp-content\\\/uploads\\\/2025\\\/03\\\/fibo.jpg\",\"datePublished\":\"2025-03-18T17:09:36+00:00\",\"dateModified\":\"2025-03-18T17:09:37+00:00\",\"description\":\"La FIBO 2025, la feria l\u00edder mundial en fitness presentar\u00e1 por primera vez una nueva \u00e1rea de exposici\u00f3n dedicada exclusivamente al bienestar\",\"breadcrumb\":{\"@id\":\"https:\\\/\\\/wellnessforum.pro\\\/la-iconica-feria-europea-del-fitness-fibo-tendra-un-nuevo-espacio-dedicado-a-bienestar-y-longevidad\\\/#breadcrumb\"},\"inLanguage\":\"en-GB\",\"potentialAction\":[{\"@type\":\"ReadAction\",\"target\":[\"https:\\\/\\\/wellnessforum.pro\\\/la-iconica-feria-europea-del-fitness-fibo-tendra-un-nuevo-espacio-dedicado-a-bienestar-y-longevidad\\\/\"]}]},{\"@type\":\"ImageObject\",\"inLanguage\":\"en-GB\",\"@id\":\"https:\\\/\\\/wellnessforum.pro\\\/la-iconica-feria-europea-del-fitness-fibo-tendra-un-nuevo-espacio-dedicado-a-bienestar-y-longevidad\\\/#primaryimage\",\"url\":\"https:\\\/\\\/wellnessforum.pro\\\/wp-content\\\/uploads\\\/2025\\\/03\\\/fibo.jpg\",\"contentUrl\":\"https:\\\/\\\/wellnessforum.pro\\\/wp-content\\\/uploads\\\/2025\\\/03\\\/fibo.jpg\",\"width\":1200,\"height\":800},{\"@type\":\"BreadcrumbList\",\"@id\":\"https:\\\/\\\/wellnessforum.pro\\\/la-iconica-feria-europea-del-fitness-fibo-tendra-un-nuevo-espacio-dedicado-a-bienestar-y-longevidad\\\/#breadcrumb\",\"itemListElement\":[{\"@type\":\"ListItem\",\"position\":1,\"name\":\"Portada\",\"item\":\"https:\\\/\\\/wellnessforum.pro\\\/\"},{\"@type\":\"ListItem\",\"position\":2,\"name\":\"Eventos\",\"item\":\"https:\\\/\\\/wellnessforum.pro\\\/eventos\\\/\"},{\"@type\":\"ListItem\",\"position\":3,\"name\":\"La ic\u00f3nica feria europea del fitness, FIBO, tendr\u00e1 un nuevo espacio dedicado a bienestar y longevidad\"}]},{\"@type\":\"WebSite\",\"@id\":\"https:\\\/\\\/wellnessforum.pro\\\/#website\",\"url\":\"https:\\\/\\\/wellnessforum.pro\\\/\",\"name\":\"Wellness Forum\",\"description\":\"\u00bfQuieres una vida m\u00e1s saludable y pr\u00f3spera? Visita Wellness Forum y encuentra las mejores gu\u00edas y consejos en salud, bienestar y riqueza. \u00a1Empieza tu transformaci\u00f3n!\",\"publisher\":{\"@id\":\"https:\\\/\\\/wellnessforum.pro\\\/#organization\"},\"potentialAction\":[{\"@type\":\"SearchAction\",\"target\":{\"@type\":\"EntryPoint\",\"urlTemplate\":\"https:\\\/\\\/wellnessforum.pro\\\/?s={search_term_string}\"},\"query-input\":{\"@type\":\"PropertyValueSpecification\",\"valueRequired\":true,\"valueName\":\"search_term_string\"}}],\"inLanguage\":\"en-GB\"},{\"@type\":\"Organization\",\"@id\":\"https:\\\/\\\/wellnessforum.pro\\\/#organization\",\"name\":\"Wellness Forum\",\"url\":\"https:\\\/\\\/wellnessforum.pro\\\/\",\"logo\":{\"@type\":\"ImageObject\",\"inLanguage\":\"en-GB\",\"@id\":\"https:\\\/\\\/wellnessforum.pro\\\/#\\\/schema\\\/logo\\\/image\\\/\",\"url\":\"https:\\\/\\\/wellnessforum.pro\\\/wp-content\\\/uploads\\\/2023\\\/09\\\/160LOGO-WF.png\",\"contentUrl\":\"https:\\\/\\\/wellnessforum.pro\\\/wp-content\\\/uploads\\\/2023\\\/09\\\/160LOGO-WF.png\",\"width\":235,\"height\":160,\"caption\":\"Wellness Forum\"},\"image\":{\"@id\":\"https:\\\/\\\/wellnessforum.pro\\\/#\\\/schema\\\/logo\\\/image\\\/\"}},{\"@type\":\"Person\",\"@id\":\"https:\\\/\\\/wellnessforum.pro\\\/#\\\/schema\\\/person\\\/e6275a3e7980b403888dac6447b81c63\",\"name\":\"Redacci\u00f3n\",\"image\":{\"@type\":\"ImageObject\",\"inLanguage\":\"en-GB\",\"@id\":\"https:\\\/\\\/secure.gravatar.com\\\/avatar\\\/493a18194c25e8d3f77b8122b907673f773a0d7cc105f21a840b56ad54d83871?s=96&d=mm&r=g\",\"url\":\"https:\\\/\\\/secure.gravatar.com\\\/avatar\\\/493a18194c25e8d3f77b8122b907673f773a0d7cc105f21a840b56ad54d83871?s=96&d=mm&r=g\",\"contentUrl\":\"https:\\\/\\\/secure.gravatar.com\\\/avatar\\\/493a18194c25e8d3f77b8122b907673f773a0d7cc105f21a840b56ad54d83871?s=96&d=mm&r=g\",\"caption\":\"Redacci\u00f3n\"},\"sameAs\":[\"http:\\\/\\\/wellnessforum.pro\"]}]}<\/script>\n<!-- \/ Yoast SEO plugin. -->","yoast_head_json":{"title":"Europe's iconic fitness trade fair, FIBO, will have a new space dedicated to wellness and longevity.","description":"FIBO 2025, the world's leading trade fair for fitness, will for the first time feature a new exhibition area dedicated exclusively to wellness.","robots":{"index":"index","follow":"follow","max-snippet":"max-snippet:-1","max-image-preview":"max-image-preview:large","max-video-preview":"max-video-preview:-1"},"canonical":"https:\/\/wellnessforum.pro\/en\/the-iconic-european-fitness-fair-fibo-will-have-a-new-space-dedicated-to-wellness-and-longevity\/","og_locale":"en_GB","og_type":"article","og_title":"La ic\u00f3nica feria europea del fitness, FIBO, tendr\u00e1 un nuevo espacio dedicado a bienestar y longevidad","og_description":"La FIBO 2025, la feria l\u00edder mundial en fitness presentar\u00e1 por primera vez una nueva \u00e1rea de exposici\u00f3n dedicada exclusivamente al bienestar","og_url":"https:\/\/wellnessforum.pro\/en\/the-iconic-european-fitness-fair-fibo-will-have-a-new-space-dedicated-to-wellness-and-longevity\/","og_site_name":"Wellness Forum","article_published_time":"2025-03-18T17:09:36+00:00","article_modified_time":"2025-03-18T17:09:37+00:00","og_image":[{"width":1200,"height":800,"url":"https:\/\/wellnessforum.pro\/wp-content\/uploads\/2025\/03\/fibo.jpg","type":"image\/jpeg"}],"author":"Redacci\u00f3n","twitter_card":"summary_large_image","twitter_misc":{"Written by":"Redacci\u00f3n","Estimated reading time":"3 minutes"},"schema":{"@context":"https:\/\/schema.org","@graph":[{"@type":"Article","@id":"https:\/\/wellnessforum.pro\/la-iconica-feria-europea-del-fitness-fibo-tendra-un-nuevo-espacio-dedicado-a-bienestar-y-longevidad\/#article","isPartOf":{"@id":"https:\/\/wellnessforum.pro\/la-iconica-feria-europea-del-fitness-fibo-tendra-un-nuevo-espacio-dedicado-a-bienestar-y-longevidad\/"},"author":{"name":"Redacci\u00f3n","@id":"https:\/\/wellnessforum.pro\/#\/schema\/person\/e6275a3e7980b403888dac6447b81c63"},"headline":"La ic\u00f3nica feria europea del fitness, FIBO, tendr\u00e1 un nuevo espacio dedicado a bienestar y longevidad","datePublished":"2025-03-18T17:09:36+00:00","dateModified":"2025-03-18T17:09:37+00:00","mainEntityOfPage":{"@id":"https:\/\/wellnessforum.pro\/la-iconica-feria-europea-del-fitness-fibo-tendra-un-nuevo-espacio-dedicado-a-bienestar-y-longevidad\/"},"wordCount":414,"publisher":{"@id":"https:\/\/wellnessforum.pro\/#organization"},"image":{"@id":"https:\/\/wellnessforum.pro\/la-iconica-feria-europea-del-fitness-fibo-tendra-un-nuevo-espacio-dedicado-a-bienestar-y-longevidad\/#primaryimage"},"thumbnailUrl":"https:\/\/wellnessforum.pro\/wp-content\/uploads\/2025\/03\/fibo.jpg","articleSection":["Actualidad","Eventos","Fitness"],"inLanguage":"en-GB"},{"@type":"WebPage","@id":"https:\/\/wellnessforum.pro\/la-iconica-feria-europea-del-fitness-fibo-tendra-un-nuevo-espacio-dedicado-a-bienestar-y-longevidad\/","url":"https:\/\/wellnessforum.pro\/la-iconica-feria-europea-del-fitness-fibo-tendra-un-nuevo-espacio-dedicado-a-bienestar-y-longevidad\/","name":"Europe's iconic fitness trade fair, FIBO, will have a new space dedicated to wellness and longevity.","isPartOf":{"@id":"https:\/\/wellnessforum.pro\/#website"},"primaryImageOfPage":{"@id":"https:\/\/wellnessforum.pro\/la-iconica-feria-europea-del-fitness-fibo-tendra-un-nuevo-espacio-dedicado-a-bienestar-y-longevidad\/#primaryimage"},"image":{"@id":"https:\/\/wellnessforum.pro\/la-iconica-feria-europea-del-fitness-fibo-tendra-un-nuevo-espacio-dedicado-a-bienestar-y-longevidad\/#primaryimage"},"thumbnailUrl":"https:\/\/wellnessforum.pro\/wp-content\/uploads\/2025\/03\/fibo.jpg","datePublished":"2025-03-18T17:09:36+00:00","dateModified":"2025-03-18T17:09:37+00:00","description":"FIBO 2025, the world's leading trade fair for fitness, will for the first time feature a new exhibition area dedicated exclusively to wellness.","breadcrumb":{"@id":"https:\/\/wellnessforum.pro\/la-iconica-feria-europea-del-fitness-fibo-tendra-un-nuevo-espacio-dedicado-a-bienestar-y-longevidad\/#breadcrumb"},"inLanguage":"en-GB","potentialAction":[{"@type":"ReadAction","target":["https:\/\/wellnessforum.pro\/la-iconica-feria-europea-del-fitness-fibo-tendra-un-nuevo-espacio-dedicado-a-bienestar-y-longevidad\/"]}]},{"@type":"ImageObject","inLanguage":"en-GB","@id":"https:\/\/wellnessforum.pro\/la-iconica-feria-europea-del-fitness-fibo-tendra-un-nuevo-espacio-dedicado-a-bienestar-y-longevidad\/#primaryimage","url":"https:\/\/wellnessforum.pro\/wp-content\/uploads\/2025\/03\/fibo.jpg","contentUrl":"https:\/\/wellnessforum.pro\/wp-content\/uploads\/2025\/03\/fibo.jpg","width":1200,"height":800},{"@type":"BreadcrumbList","@id":"https:\/\/wellnessforum.pro\/la-iconica-feria-europea-del-fitness-fibo-tendra-un-nuevo-espacio-dedicado-a-bienestar-y-longevidad\/#breadcrumb","itemListElement":[{"@type":"ListItem","position":1,"name":"Portada","item":"https:\/\/wellnessforum.pro\/"},{"@type":"ListItem","position":2,"name":"Eventos","item":"https:\/\/wellnessforum.pro\/eventos\/"},{"@type":"ListItem","position":3,"name":"La ic\u00f3nica feria europea del fitness, FIBO, tendr\u00e1 un nuevo espacio dedicado a bienestar y longevidad"}]},{"@type":"WebSite","@id":"https:\/\/wellnessforum.pro\/#website","url":"https:\/\/wellnessforum.pro\/","name":"Wellness Forum","description":"Do you want a healthier and more prosperous life? Visit the Wellness Forum and find the best guides and advice on health, wellness and wealth - start your transformation!","publisher":{"@id":"https:\/\/wellnessforum.pro\/#organization"},"potentialAction":[{"@type":"SearchAction","target":{"@type":"EntryPoint","urlTemplate":"https:\/\/wellnessforum.pro\/?s={search_term_string}"},"query-input":{"@type":"PropertyValueSpecification","valueRequired":true,"valueName":"search_term_string"}}],"inLanguage":"en-GB"},{"@type":"Organization","@id":"https:\/\/wellnessforum.pro\/#organization","name":"Wellness Forum","url":"https:\/\/wellnessforum.pro\/","logo":{"@type":"ImageObject","inLanguage":"en-GB","@id":"https:\/\/wellnessforum.pro\/#\/schema\/logo\/image\/","url":"https:\/\/wellnessforum.pro\/wp-content\/uploads\/2023\/09\/160LOGO-WF.png","contentUrl":"https:\/\/wellnessforum.pro\/wp-content\/uploads\/2023\/09\/160LOGO-WF.png","width":235,"height":160,"caption":"Wellness Forum"},"image":{"@id":"https:\/\/wellnessforum.pro\/#\/schema\/logo\/image\/"}},{"@type":"Person","@id":"https:\/\/wellnessforum.pro\/#\/schema\/person\/e6275a3e7980b403888dac6447b81c63","name":"Editorial staff","image":{"@type":"ImageObject","inLanguage":"en-GB","@id":"https:\/\/secure.gravatar.com\/avatar\/493a18194c25e8d3f77b8122b907673f773a0d7cc105f21a840b56ad54d83871?s=96&d=mm&r=g","url":"https:\/\/secure.gravatar.com\/avatar\/493a18194c25e8d3f77b8122b907673f773a0d7cc105f21a840b56ad54d83871?s=96&d=mm&r=g","contentUrl":"https:\/\/secure.gravatar.com\/avatar\/493a18194c25e8d3f77b8122b907673f773a0d7cc105f21a840b56ad54d83871?s=96&d=mm&r=g","caption":"Redacci\u00f3n"},"sameAs":["http:\/\/wellnessforum.pro"]}]}},"_links":{"self":[{"href":"https:\/\/wellnessforum.pro\/en\/wp-json\/wp\/v2\/posts\/4572","targetHints":{"allow":["GET"]}}],"collection":[{"href":"https:\/\/wellnessforum.pro\/en\/wp-json\/wp\/v2\/posts"}],"about":[{"href":"https:\/\/wellnessforum.pro\/en\/wp-json\/wp\/v2\/types\/post"}],"author":[{"embeddable":true,"href":"https:\/\/wellnessforum.pro\/en\/wp-json\/wp\/v2\/users\/1"}],"replies":[{"embeddable":true,"href":"https:\/\/wellnessforum.pro\/en\/wp-json\/wp\/v2\/comments?post=4572"}],"version-history":[{"count":2,"href":"https:\/\/wellnessforum.pro\/en\/wp-json\/wp\/v2\/posts\/4572\/revisions"}],"predecessor-version":[{"id":4576,"href":"https:\/\/wellnessforum.pro\/en\/wp-json\/wp\/v2\/posts\/4572\/revisions\/4576"}],"wp:featuredmedia":[{"embeddable":true,"href":"https:\/\/wellnessforum.pro\/en\/wp-json\/wp\/v2\/media\/4574"}],"wp:attachment":[{"href":"https:\/\/wellnessforum.pro\/en\/wp-json\/wp\/v2\/media?parent=4572"}],"wp:term":[{"taxonomy":"category","embeddable":true,"href":"https:\/\/wellnessforum.pro\/en\/wp-json\/wp\/v2\/categories?post=4572"},{"taxonomy":"post_tag","embeddable":true,"href":"https:\/\/wellnessforum.pro\/en\/wp-json\/wp\/v2\/tags?post=4572"}],"curies":[{"name":"wp","href":"https:\/\/api.w.org\/{rel}","templated":true}]}}