{"id":5508,"date":"2025-11-16T23:25:31","date_gmt":"2025-11-16T22:25:31","guid":{"rendered":"https:\/\/wellnessforum.pro\/?p=5508"},"modified":"2025-11-16T23:25:32","modified_gmt":"2025-11-16T22:25:32","slug":"hair-loss-natural-alternative-to-minoxidil-promises-to-be-just-as-effective","status":"publish","type":"post","link":"https:\/\/wellnessforum.pro\/en\/caida-del-cabello-la-alternativa-natural-al-minoxidil-promete-ser-igual-de-efectiva\/","title":{"rendered":"Hair loss: natural alternative to minoxidil promises to be just as effective"},"content":{"rendered":"<p>Every autumn, thousands of people - men and women alike - experience much more intense hair loss than usual. Stress, hormonal changes, hair inflammation and fast-paced lifestyles have turned this seasonal problem into a growing sign of general imbalance that affects both self-esteem and well-being.<\/p>\n\n\n\n<p>At a time when hair health is understood to be an essential part of the <em>wellness<\/em> integral, the Spanish firm <strong><a href=\"https:\/\/licocosmetics.com\/\">LICO Cosmetics<\/a><\/strong>, renowned for its cosmetic R&amp;D and skin-friendly approach, presents an innovation that promises to change the landscape of anti-hair loss treatments:<strong> High Density Lotion<\/strong>, a high-tech formulation developed in collaboration with the pharmaceutical company e <em>influencer<\/em> <strong>Helena Rodero<\/strong>, expert in advanced formulation.<\/p>\n\n\n\n<h3 class=\"wp-block-heading\"><strong>A natural alternative inspired by the power of minoxidil, but without side-effects<\/strong><\/h3>\n\n\n\n<p>For decades, minoxidil has been one of the few effective options to stop hair loss. However, its side effects - irritation, flaking, hypertrichosis - and its pharmacological nature make it a product that is not always well tolerated.<\/p>\n\n\n\n<p>The new <strong><a href=\"https:\/\/licocosmetics.com\/products\/high-density-lotion\">High Density Lotion<\/a><\/strong> was created precisely to offer an equally effective solution in terms of hair density and reinforcement, but with the seal of conscious cosmetics: <strong>no drugs, no side effects and no endocrine disruptors<\/strong>.<\/p>\n\n\n\n<p>Helena Rodero has designed a formula rich in botanical and biotechnological active ingredients that are able to:<\/p>\n\n\n\n<ul class=\"wp-block-list\">\n<li>stimulate the follicle from the root,<\/li>\n\n\n\n<li>increase hair density and thickness,<\/li>\n\n\n\n<li>reduce inflammation of the scalp,<\/li>\n\n\n\n<li>and strengthen the hair's cutaneous barrier to prevent seasonal hair loss.<\/li>\n<\/ul>\n\n\n\n<p>This launch reaffirms the capacity of <strong>LICO Cosmetics<\/strong> to develop unique products that are safe and respectful of human health and the environment.<\/p>\n\n\n\n<h2 class=\"wp-block-heading\"><strong>A wellness brand that unites engineering, nature and sustainability<\/strong><\/h2>\n\n\n\n<p>LICO Cosmetics, created by two chemical engineers with extensive experience, has established itself as a benchmark in new-generation cosmetics: scientific formulas with premium natural ingredients, sustainability throughout the production chain and a radical commitment to transparency.<\/p>\n\n\n\n<p>Its products stand out because:<\/p>\n\n\n\n<ul class=\"wp-block-list\">\n<li>are made from natural ingredients of exotic and sustainable origin,<\/li>\n\n\n\n<li>integrate highly effective biotechnological active ingredients,<\/li>\n\n\n\n<li>are free of endocrine disruptors,<\/li>\n\n\n\n<li>and combine science and nature to deliver visible results in just a few weeks.<\/li>\n<\/ul>\n\n\n\n<p>All of this under the commitment to responsible, skin-friendly, honest and locally produced cosmetics.<\/p>\n\n\n\n<figure class=\"wp-block-image size-large\"><img fetchpriority=\"high\" decoding=\"async\" width=\"1024\" height=\"1024\" src=\"https:\/\/wellnessforum.pro\/wp-content\/uploads\/2025\/11\/SILUETA-AMAZ-TTO-LIFT_3187c3e6-4dc5-475f-a99d-1145e9f16281-1024x1024.webp\" alt=\"\" class=\"wp-image-5510\" srcset=\"https:\/\/wellnessforum.pro\/wp-content\/uploads\/2025\/11\/SILUETA-AMAZ-TTO-LIFT_3187c3e6-4dc5-475f-a99d-1145e9f16281-1024x1024.webp 1024w, https:\/\/wellnessforum.pro\/wp-content\/uploads\/2025\/11\/SILUETA-AMAZ-TTO-LIFT_3187c3e6-4dc5-475f-a99d-1145e9f16281-300x300.webp 300w, https:\/\/wellnessforum.pro\/wp-content\/uploads\/2025\/11\/SILUETA-AMAZ-TTO-LIFT_3187c3e6-4dc5-475f-a99d-1145e9f16281-150x150.webp 150w, https:\/\/wellnessforum.pro\/wp-content\/uploads\/2025\/11\/SILUETA-AMAZ-TTO-LIFT_3187c3e6-4dc5-475f-a99d-1145e9f16281-768x768.webp 768w, https:\/\/wellnessforum.pro\/wp-content\/uploads\/2025\/11\/SILUETA-AMAZ-TTO-LIFT_3187c3e6-4dc5-475f-a99d-1145e9f16281-12x12.webp 12w, https:\/\/wellnessforum.pro\/wp-content\/uploads\/2025\/11\/SILUETA-AMAZ-TTO-LIFT_3187c3e6-4dc5-475f-a99d-1145e9f16281-650x650.webp 650w, https:\/\/wellnessforum.pro\/wp-content\/uploads\/2025\/11\/SILUETA-AMAZ-TTO-LIFT_3187c3e6-4dc5-475f-a99d-1145e9f16281-1300x1300.webp 1300w, https:\/\/wellnessforum.pro\/wp-content\/uploads\/2025\/11\/SILUETA-AMAZ-TTO-LIFT_3187c3e6-4dc5-475f-a99d-1145e9f16281.webp 1500w\" sizes=\"(max-width: 1024px) 100vw, 1024px\" \/><\/figure>\n\n\n\n<h2 class=\"wp-block-heading\"><strong>Awards and international recognition<\/strong><\/h2>\n\n\n\n<p>The scientific work behind LICO has been recognised in the prestigious <strong>The Beauty Shortlist Awards<\/strong>, where its formulations -especially the line <em>African Essence<\/em> y <em>Amazonian Essence<\/em>- have received several awards <em>Editor's Choice<\/em> for its innovation, texture and efficacy.<\/p>\n\n\n\n<p>This independent recognition reinforces its position as a leading Spanish brand in advanced natural cosmetics.<\/p>\n\n\n\n<p>In addition to its new Kerala Essence High Density Lotion, the brand has a range that connects directly to holistic wellness:<\/p>\n\n\n\n<ul class=\"wp-block-list\">\n<li><strong>New Eyes Icelandic Essence<\/strong> - eye contour serum with visible effects on dark circles and puffiness.<\/li>\n\n\n\n<li><strong>Fill Roll-On<\/strong> - precise treatment for deep wrinkles such as the nasolabial fold.<\/li>\n\n\n\n<li><strong>Relax Hydrogel<\/strong> - relaxing and revitalising body gel for tired legs.<\/li>\n\n\n\n<li><strong>Neck Slim Cream<\/strong> - neck and jowl remodelling cream with peptides and shiitake.<\/li>\n\n\n\n<li><strong>Antiox Cream<\/strong> - antioxidant cream that restores radiance with African essences.<\/li>\n\n\n\n<li><strong>Bright Body Oil<\/strong> - nourishing oil that strengthens the skin barrier and provides a healthy glow.<\/li>\n<\/ul>\n\n\n\n<p>With the launch of <strong> High Density Lotion<\/strong>, LICO Cosmetics takes a decisive step towards tackling a real hair health problem through advanced and respectful cosmetics. A natural alternative that responds to the needs of today's consumer: clean science, sustainability, proven efficacy and holistic wellness.<\/p>\n\n\n\n<p>In a world where self-care is health, LICO positions itself as a brand that goes beyond aesthetics: it designs formulas that care, respect and transform.<\/p>\n\n\n\n<figure class=\"wp-block-image size-large\"><img decoding=\"async\" width=\"1024\" height=\"576\" src=\"https:\/\/wellnessforum.pro\/wp-content\/uploads\/2025\/11\/745186179_231313034_1706x960-1024x576.webp\" alt=\"\" class=\"wp-image-5511\" srcset=\"https:\/\/wellnessforum.pro\/wp-content\/uploads\/2025\/11\/745186179_231313034_1706x960-1024x576.webp 1024w, https:\/\/wellnessforum.pro\/wp-content\/uploads\/2025\/11\/745186179_231313034_1706x960-300x169.webp 300w, https:\/\/wellnessforum.pro\/wp-content\/uploads\/2025\/11\/745186179_231313034_1706x960-768x432.webp 768w, https:\/\/wellnessforum.pro\/wp-content\/uploads\/2025\/11\/745186179_231313034_1706x960-1536x864.webp 1536w, https:\/\/wellnessforum.pro\/wp-content\/uploads\/2025\/11\/745186179_231313034_1706x960-18x10.webp 18w, https:\/\/wellnessforum.pro\/wp-content\/uploads\/2025\/11\/745186179_231313034_1706x960.webp 1706w\" sizes=\"(max-width: 1024px) 100vw, 1024px\" \/><\/figure>","protected":false},"excerpt":{"rendered":"<p>Cada oto\u00f1o, miles de personas \u2014hombres y mujeres por igual\u2014 experimentan una ca\u00edda del cabello mucho m\u00e1s intensa de lo habitual. El estr\u00e9s, los cambios hormonales, la inflamaci\u00f3n capilar y el ritmo de vida acelerado han convertido este problema estacional en un signo creciente de desequilibrio general que afecta tanto a la autoestima como al [&hellip;]<\/p>\n","protected":false},"author":2,"featured_media":5509,"comment_status":"closed","ping_status":"open","sticky":false,"template":"","format":"standard","meta":{"footnotes":""},"categories":[16,80,82],"tags":[],"class_list":["post-5508","post","type-post","status-publish","format-standard","has-post-thumbnail","hentry","category-estetica","category-gurus","category-tendencias"],"yoast_head":"<!-- This site is optimized with the Yoast SEO plugin v27.4 - https:\/\/yoast.com\/product\/yoast-seo-wordpress\/ -->\n<title>Ca\u00edda del cabello: la alternativa natural al minoxidil promete ser igual de efectiva<\/title>\n<meta name=\"description\" content=\"una innovaci\u00f3n que promete cambiar el panorama de los tratamientos antica\u00edda: High Density Lotion, una f\u00f3rmula de alta tecnolog\u00eda\" \/>\n<meta name=\"robots\" content=\"index, follow, max-snippet:-1, max-image-preview:large, max-video-preview:-1\" \/>\n<link rel=\"canonical\" href=\"https:\/\/wellnessforum.pro\/en\/hair-loss-natural-alternative-to-minoxidil-promises-to-be-just-as-effective\/\" \/>\n<meta property=\"og:locale\" content=\"en_GB\" \/>\n<meta property=\"og:type\" content=\"article\" \/>\n<meta property=\"og:title\" content=\"Ca\u00edda del cabello: la alternativa natural al minoxidil promete ser igual de efectiva\" \/>\n<meta property=\"og:description\" content=\"una innovaci\u00f3n que promete cambiar el panorama de los tratamientos antica\u00edda: High Density Lotion, una f\u00f3rmula de alta tecnolog\u00eda\" \/>\n<meta property=\"og:url\" content=\"https:\/\/wellnessforum.pro\/en\/hair-loss-natural-alternative-to-minoxidil-promises-to-be-just-as-effective\/\" \/>\n<meta property=\"og:site_name\" content=\"Wellness Forum\" \/>\n<meta property=\"article:published_time\" content=\"2025-11-16T22:25:31+00:00\" \/>\n<meta property=\"article:modified_time\" content=\"2025-11-16T22:25:32+00:00\" \/>\n<meta property=\"og:image\" content=\"https:\/\/wellnessforum.pro\/wp-content\/uploads\/2025\/11\/Helena-Estefi.webp\" \/>\n\t<meta property=\"og:image:width\" content=\"1117\" \/>\n\t<meta property=\"og:image:height\" content=\"1118\" \/>\n\t<meta property=\"og:image:type\" content=\"image\/webp\" \/>\n<meta name=\"author\" content=\"Nadia Tresoro\" \/>\n<meta name=\"twitter:card\" content=\"summary_large_image\" \/>\n<meta name=\"twitter:label1\" content=\"Written by\" \/>\n\t<meta name=\"twitter:data1\" content=\"Nadia Tresoro\" \/>\n\t<meta name=\"twitter:label2\" content=\"Estimated reading time\" \/>\n\t<meta name=\"twitter:data2\" content=\"4 minutes\" \/>\n<script type=\"application\/ld+json\" class=\"yoast-schema-graph\">{\"@context\":\"https:\\\/\\\/schema.org\",\"@graph\":[{\"@type\":\"Article\",\"@id\":\"https:\\\/\\\/wellnessforum.pro\\\/caida-del-cabello-la-alternativa-natural-al-minoxidil-promete-ser-igual-de-efectiva\\\/#article\",\"isPartOf\":{\"@id\":\"https:\\\/\\\/wellnessforum.pro\\\/caida-del-cabello-la-alternativa-natural-al-minoxidil-promete-ser-igual-de-efectiva\\\/\"},\"author\":{\"name\":\"Nadia Tresoro\",\"@id\":\"https:\\\/\\\/wellnessforum.pro\\\/#\\\/schema\\\/person\\\/d9ff1cceff0b8f1d118cb255379e1e8e\"},\"headline\":\"Ca\u00edda del cabello: la alternativa natural al minoxidil promete ser igual de efectiva\",\"datePublished\":\"2025-11-16T22:25:31+00:00\",\"dateModified\":\"2025-11-16T22:25:32+00:00\",\"mainEntityOfPage\":{\"@id\":\"https:\\\/\\\/wellnessforum.pro\\\/caida-del-cabello-la-alternativa-natural-al-minoxidil-promete-ser-igual-de-efectiva\\\/\"},\"wordCount\":689,\"publisher\":{\"@id\":\"https:\\\/\\\/wellnessforum.pro\\\/#organization\"},\"image\":{\"@id\":\"https:\\\/\\\/wellnessforum.pro\\\/caida-del-cabello-la-alternativa-natural-al-minoxidil-promete-ser-igual-de-efectiva\\\/#primaryimage\"},\"thumbnailUrl\":\"https:\\\/\\\/wellnessforum.pro\\\/wp-content\\\/uploads\\\/2025\\\/11\\\/Helena-Estefi.webp\",\"articleSection\":[\"Est\u00e9tica\",\"Gurus\",\"Tendencias\"],\"inLanguage\":\"en-GB\"},{\"@type\":\"WebPage\",\"@id\":\"https:\\\/\\\/wellnessforum.pro\\\/caida-del-cabello-la-alternativa-natural-al-minoxidil-promete-ser-igual-de-efectiva\\\/\",\"url\":\"https:\\\/\\\/wellnessforum.pro\\\/caida-del-cabello-la-alternativa-natural-al-minoxidil-promete-ser-igual-de-efectiva\\\/\",\"name\":\"Ca\u00edda del cabello: la alternativa natural al minoxidil promete ser igual de efectiva\",\"isPartOf\":{\"@id\":\"https:\\\/\\\/wellnessforum.pro\\\/#website\"},\"primaryImageOfPage\":{\"@id\":\"https:\\\/\\\/wellnessforum.pro\\\/caida-del-cabello-la-alternativa-natural-al-minoxidil-promete-ser-igual-de-efectiva\\\/#primaryimage\"},\"image\":{\"@id\":\"https:\\\/\\\/wellnessforum.pro\\\/caida-del-cabello-la-alternativa-natural-al-minoxidil-promete-ser-igual-de-efectiva\\\/#primaryimage\"},\"thumbnailUrl\":\"https:\\\/\\\/wellnessforum.pro\\\/wp-content\\\/uploads\\\/2025\\\/11\\\/Helena-Estefi.webp\",\"datePublished\":\"2025-11-16T22:25:31+00:00\",\"dateModified\":\"2025-11-16T22:25:32+00:00\",\"description\":\"una innovaci\u00f3n que promete cambiar el panorama de los tratamientos antica\u00edda: High Density Lotion, una f\u00f3rmula de alta tecnolog\u00eda\",\"breadcrumb\":{\"@id\":\"https:\\\/\\\/wellnessforum.pro\\\/caida-del-cabello-la-alternativa-natural-al-minoxidil-promete-ser-igual-de-efectiva\\\/#breadcrumb\"},\"inLanguage\":\"en-GB\",\"potentialAction\":[{\"@type\":\"ReadAction\",\"target\":[\"https:\\\/\\\/wellnessforum.pro\\\/caida-del-cabello-la-alternativa-natural-al-minoxidil-promete-ser-igual-de-efectiva\\\/\"]}]},{\"@type\":\"ImageObject\",\"inLanguage\":\"en-GB\",\"@id\":\"https:\\\/\\\/wellnessforum.pro\\\/caida-del-cabello-la-alternativa-natural-al-minoxidil-promete-ser-igual-de-efectiva\\\/#primaryimage\",\"url\":\"https:\\\/\\\/wellnessforum.pro\\\/wp-content\\\/uploads\\\/2025\\\/11\\\/Helena-Estefi.webp\",\"contentUrl\":\"https:\\\/\\\/wellnessforum.pro\\\/wp-content\\\/uploads\\\/2025\\\/11\\\/Helena-Estefi.webp\",\"width\":1117,\"height\":1118},{\"@type\":\"BreadcrumbList\",\"@id\":\"https:\\\/\\\/wellnessforum.pro\\\/caida-del-cabello-la-alternativa-natural-al-minoxidil-promete-ser-igual-de-efectiva\\\/#breadcrumb\",\"itemListElement\":[{\"@type\":\"ListItem\",\"position\":1,\"name\":\"Portada\",\"item\":\"https:\\\/\\\/wellnessforum.pro\\\/\"},{\"@type\":\"ListItem\",\"position\":2,\"name\":\"Salud\",\"item\":\"https:\\\/\\\/wellnessforum.pro\\\/salud\\\/\"},{\"@type\":\"ListItem\",\"position\":3,\"name\":\"Est\u00e9tica\",\"item\":\"https:\\\/\\\/wellnessforum.pro\\\/salud\\\/estetica\\\/\"},{\"@type\":\"ListItem\",\"position\":4,\"name\":\"Ca\u00edda del cabello: la alternativa natural al minoxidil promete ser igual de efectiva\"}]},{\"@type\":\"WebSite\",\"@id\":\"https:\\\/\\\/wellnessforum.pro\\\/#website\",\"url\":\"https:\\\/\\\/wellnessforum.pro\\\/\",\"name\":\"Wellness Forum\",\"description\":\"\u00bfQuieres una vida m\u00e1s saludable y pr\u00f3spera? Visita Wellness Forum y encuentra las mejores gu\u00edas y consejos en salud, bienestar y riqueza. \u00a1Empieza tu transformaci\u00f3n!\",\"publisher\":{\"@id\":\"https:\\\/\\\/wellnessforum.pro\\\/#organization\"},\"potentialAction\":[{\"@type\":\"SearchAction\",\"target\":{\"@type\":\"EntryPoint\",\"urlTemplate\":\"https:\\\/\\\/wellnessforum.pro\\\/?s={search_term_string}\"},\"query-input\":{\"@type\":\"PropertyValueSpecification\",\"valueRequired\":true,\"valueName\":\"search_term_string\"}}],\"inLanguage\":\"en-GB\"},{\"@type\":\"Organization\",\"@id\":\"https:\\\/\\\/wellnessforum.pro\\\/#organization\",\"name\":\"Wellness Forum\",\"url\":\"https:\\\/\\\/wellnessforum.pro\\\/\",\"logo\":{\"@type\":\"ImageObject\",\"inLanguage\":\"en-GB\",\"@id\":\"https:\\\/\\\/wellnessforum.pro\\\/#\\\/schema\\\/logo\\\/image\\\/\",\"url\":\"https:\\\/\\\/wellnessforum.pro\\\/wp-content\\\/uploads\\\/2023\\\/09\\\/160LOGO-WF.png\",\"contentUrl\":\"https:\\\/\\\/wellnessforum.pro\\\/wp-content\\\/uploads\\\/2023\\\/09\\\/160LOGO-WF.png\",\"width\":235,\"height\":160,\"caption\":\"Wellness Forum\"},\"image\":{\"@id\":\"https:\\\/\\\/wellnessforum.pro\\\/#\\\/schema\\\/logo\\\/image\\\/\"}},{\"@type\":\"Person\",\"@id\":\"https:\\\/\\\/wellnessforum.pro\\\/#\\\/schema\\\/person\\\/d9ff1cceff0b8f1d118cb255379e1e8e\",\"name\":\"Nadia Tresoro\",\"image\":{\"@type\":\"ImageObject\",\"inLanguage\":\"en-GB\",\"@id\":\"https:\\\/\\\/secure.gravatar.com\\\/avatar\\\/1f61d2512baeae917923e36d03cd5d197e8a08ee8f8b2a41dcc1f094e26312c4?s=96&d=mm&r=g\",\"url\":\"https:\\\/\\\/secure.gravatar.com\\\/avatar\\\/1f61d2512baeae917923e36d03cd5d197e8a08ee8f8b2a41dcc1f094e26312c4?s=96&d=mm&r=g\",\"contentUrl\":\"https:\\\/\\\/secure.gravatar.com\\\/avatar\\\/1f61d2512baeae917923e36d03cd5d197e8a08ee8f8b2a41dcc1f094e26312c4?s=96&d=mm&r=g\",\"caption\":\"Nadia Tresoro\"}}]}<\/script>\n<!-- \/ Yoast SEO plugin. -->","yoast_head_json":{"title":"Hair loss: natural alternative to minoxidil promises to be just as effective","description":"an innovation that promises to change the landscape of anti-hair loss treatments: High Density Lotion, a high-tech formulation","robots":{"index":"index","follow":"follow","max-snippet":"max-snippet:-1","max-image-preview":"max-image-preview:large","max-video-preview":"max-video-preview:-1"},"canonical":"https:\/\/wellnessforum.pro\/en\/hair-loss-natural-alternative-to-minoxidil-promises-to-be-just-as-effective\/","og_locale":"en_GB","og_type":"article","og_title":"Ca\u00edda del cabello: la alternativa natural al minoxidil promete ser igual de efectiva","og_description":"una innovaci\u00f3n que promete cambiar el panorama de los tratamientos antica\u00edda: High Density Lotion, una f\u00f3rmula de alta tecnolog\u00eda","og_url":"https:\/\/wellnessforum.pro\/en\/hair-loss-natural-alternative-to-minoxidil-promises-to-be-just-as-effective\/","og_site_name":"Wellness Forum","article_published_time":"2025-11-16T22:25:31+00:00","article_modified_time":"2025-11-16T22:25:32+00:00","og_image":[{"width":1117,"height":1118,"url":"https:\/\/wellnessforum.pro\/wp-content\/uploads\/2025\/11\/Helena-Estefi.webp","type":"image\/webp"}],"author":"Nadia Tresoro","twitter_card":"summary_large_image","twitter_misc":{"Written by":"Nadia Tresoro","Estimated reading time":"4 minutes"},"schema":{"@context":"https:\/\/schema.org","@graph":[{"@type":"Article","@id":"https:\/\/wellnessforum.pro\/caida-del-cabello-la-alternativa-natural-al-minoxidil-promete-ser-igual-de-efectiva\/#article","isPartOf":{"@id":"https:\/\/wellnessforum.pro\/caida-del-cabello-la-alternativa-natural-al-minoxidil-promete-ser-igual-de-efectiva\/"},"author":{"name":"Nadia Tresoro","@id":"https:\/\/wellnessforum.pro\/#\/schema\/person\/d9ff1cceff0b8f1d118cb255379e1e8e"},"headline":"Ca\u00edda del cabello: la alternativa natural al minoxidil promete ser igual de efectiva","datePublished":"2025-11-16T22:25:31+00:00","dateModified":"2025-11-16T22:25:32+00:00","mainEntityOfPage":{"@id":"https:\/\/wellnessforum.pro\/caida-del-cabello-la-alternativa-natural-al-minoxidil-promete-ser-igual-de-efectiva\/"},"wordCount":689,"publisher":{"@id":"https:\/\/wellnessforum.pro\/#organization"},"image":{"@id":"https:\/\/wellnessforum.pro\/caida-del-cabello-la-alternativa-natural-al-minoxidil-promete-ser-igual-de-efectiva\/#primaryimage"},"thumbnailUrl":"https:\/\/wellnessforum.pro\/wp-content\/uploads\/2025\/11\/Helena-Estefi.webp","articleSection":["Est\u00e9tica","Gurus","Tendencias"],"inLanguage":"en-GB"},{"@type":"WebPage","@id":"https:\/\/wellnessforum.pro\/caida-del-cabello-la-alternativa-natural-al-minoxidil-promete-ser-igual-de-efectiva\/","url":"https:\/\/wellnessforum.pro\/caida-del-cabello-la-alternativa-natural-al-minoxidil-promete-ser-igual-de-efectiva\/","name":"Hair loss: natural alternative to minoxidil promises to be just as effective","isPartOf":{"@id":"https:\/\/wellnessforum.pro\/#website"},"primaryImageOfPage":{"@id":"https:\/\/wellnessforum.pro\/caida-del-cabello-la-alternativa-natural-al-minoxidil-promete-ser-igual-de-efectiva\/#primaryimage"},"image":{"@id":"https:\/\/wellnessforum.pro\/caida-del-cabello-la-alternativa-natural-al-minoxidil-promete-ser-igual-de-efectiva\/#primaryimage"},"thumbnailUrl":"https:\/\/wellnessforum.pro\/wp-content\/uploads\/2025\/11\/Helena-Estefi.webp","datePublished":"2025-11-16T22:25:31+00:00","dateModified":"2025-11-16T22:25:32+00:00","description":"an innovation that promises to change the landscape of anti-hair loss treatments: High Density Lotion, a high-tech formulation","breadcrumb":{"@id":"https:\/\/wellnessforum.pro\/caida-del-cabello-la-alternativa-natural-al-minoxidil-promete-ser-igual-de-efectiva\/#breadcrumb"},"inLanguage":"en-GB","potentialAction":[{"@type":"ReadAction","target":["https:\/\/wellnessforum.pro\/caida-del-cabello-la-alternativa-natural-al-minoxidil-promete-ser-igual-de-efectiva\/"]}]},{"@type":"ImageObject","inLanguage":"en-GB","@id":"https:\/\/wellnessforum.pro\/caida-del-cabello-la-alternativa-natural-al-minoxidil-promete-ser-igual-de-efectiva\/#primaryimage","url":"https:\/\/wellnessforum.pro\/wp-content\/uploads\/2025\/11\/Helena-Estefi.webp","contentUrl":"https:\/\/wellnessforum.pro\/wp-content\/uploads\/2025\/11\/Helena-Estefi.webp","width":1117,"height":1118},{"@type":"BreadcrumbList","@id":"https:\/\/wellnessforum.pro\/caida-del-cabello-la-alternativa-natural-al-minoxidil-promete-ser-igual-de-efectiva\/#breadcrumb","itemListElement":[{"@type":"ListItem","position":1,"name":"Portada","item":"https:\/\/wellnessforum.pro\/"},{"@type":"ListItem","position":2,"name":"Salud","item":"https:\/\/wellnessforum.pro\/salud\/"},{"@type":"ListItem","position":3,"name":"Est\u00e9tica","item":"https:\/\/wellnessforum.pro\/salud\/estetica\/"},{"@type":"ListItem","position":4,"name":"Ca\u00edda del cabello: la alternativa natural al minoxidil promete ser igual de efectiva"}]},{"@type":"WebSite","@id":"https:\/\/wellnessforum.pro\/#website","url":"https:\/\/wellnessforum.pro\/","name":"Wellness Forum","description":"Do you want a healthier and more prosperous life? Visit the Wellness Forum and find the best guides and advice on health, wellness and wealth - start your transformation!","publisher":{"@id":"https:\/\/wellnessforum.pro\/#organization"},"potentialAction":[{"@type":"SearchAction","target":{"@type":"EntryPoint","urlTemplate":"https:\/\/wellnessforum.pro\/?s={search_term_string}"},"query-input":{"@type":"PropertyValueSpecification","valueRequired":true,"valueName":"search_term_string"}}],"inLanguage":"en-GB"},{"@type":"Organization","@id":"https:\/\/wellnessforum.pro\/#organization","name":"Wellness Forum","url":"https:\/\/wellnessforum.pro\/","logo":{"@type":"ImageObject","inLanguage":"en-GB","@id":"https:\/\/wellnessforum.pro\/#\/schema\/logo\/image\/","url":"https:\/\/wellnessforum.pro\/wp-content\/uploads\/2023\/09\/160LOGO-WF.png","contentUrl":"https:\/\/wellnessforum.pro\/wp-content\/uploads\/2023\/09\/160LOGO-WF.png","width":235,"height":160,"caption":"Wellness Forum"},"image":{"@id":"https:\/\/wellnessforum.pro\/#\/schema\/logo\/image\/"}},{"@type":"Person","@id":"https:\/\/wellnessforum.pro\/#\/schema\/person\/d9ff1cceff0b8f1d118cb255379e1e8e","name":"Nadia Tresoro","image":{"@type":"ImageObject","inLanguage":"en-GB","@id":"https:\/\/secure.gravatar.com\/avatar\/1f61d2512baeae917923e36d03cd5d197e8a08ee8f8b2a41dcc1f094e26312c4?s=96&d=mm&r=g","url":"https:\/\/secure.gravatar.com\/avatar\/1f61d2512baeae917923e36d03cd5d197e8a08ee8f8b2a41dcc1f094e26312c4?s=96&d=mm&r=g","contentUrl":"https:\/\/secure.gravatar.com\/avatar\/1f61d2512baeae917923e36d03cd5d197e8a08ee8f8b2a41dcc1f094e26312c4?s=96&d=mm&r=g","caption":"Nadia Tresoro"}}]}},"_links":{"self":[{"href":"https:\/\/wellnessforum.pro\/en\/wp-json\/wp\/v2\/posts\/5508","targetHints":{"allow":["GET"]}}],"collection":[{"href":"https:\/\/wellnessforum.pro\/en\/wp-json\/wp\/v2\/posts"}],"about":[{"href":"https:\/\/wellnessforum.pro\/en\/wp-json\/wp\/v2\/types\/post"}],"author":[{"embeddable":true,"href":"https:\/\/wellnessforum.pro\/en\/wp-json\/wp\/v2\/users\/2"}],"replies":[{"embeddable":true,"href":"https:\/\/wellnessforum.pro\/en\/wp-json\/wp\/v2\/comments?post=5508"}],"version-history":[{"count":1,"href":"https:\/\/wellnessforum.pro\/en\/wp-json\/wp\/v2\/posts\/5508\/revisions"}],"predecessor-version":[{"id":5512,"href":"https:\/\/wellnessforum.pro\/en\/wp-json\/wp\/v2\/posts\/5508\/revisions\/5512"}],"wp:featuredmedia":[{"embeddable":true,"href":"https:\/\/wellnessforum.pro\/en\/wp-json\/wp\/v2\/media\/5509"}],"wp:attachment":[{"href":"https:\/\/wellnessforum.pro\/en\/wp-json\/wp\/v2\/media?parent=5508"}],"wp:term":[{"taxonomy":"category","embeddable":true,"href":"https:\/\/wellnessforum.pro\/en\/wp-json\/wp\/v2\/categories?post=5508"},{"taxonomy":"post_tag","embeddable":true,"href":"https:\/\/wellnessforum.pro\/en\/wp-json\/wp\/v2\/tags?post=5508"}],"curies":[{"name":"wp","href":"https:\/\/api.w.org\/{rel}","templated":true}]}}