{"id":6586,"date":"2026-09-04T16:11:15","date_gmt":"2026-09-04T14:11:15","guid":{"rendered":"https:\/\/wellnessforum.pro\/?p=6586"},"modified":"2026-09-04T16:11:22","modified_gmt":"2026-09-04T14:11:22","slug":"listening-to-the-patient-before-measuring-them-is-key-to-focusing-on-a-sensible-diagnosis","status":"publish","type":"post","link":"https:\/\/wellnessforum.pro\/en\/escuchar-al-paciente-antes-de-medirlo-es-clave-para-enfocar-un-diagnostico-sensato\/","title":{"rendered":"Listening to the patient, before measuring them, is key to focusing on a sensible diagnosis"},"content":{"rendered":"<p class=\"wp-block-paragraph\"><em>Xavi Ca\u00f1ellas advocates for a clinical approach that places each person's life story at the center and challenges a medicine too accustomed to interpreting the body through diagnoses, biomarkers, and isolated treatments.<\/em><\/p>\n\n\n\n<p class=\"wp-block-paragraph\">The question guiding the practice of <strong><a href=\"https:\/\/xavicanellas.com\/\">Xavi Ca\u00f1ellas<\/a><\/strong> is not merely which diagnosis appears in a blood test or what name a set of symptoms receives, but rather what has happened to a person for their organism to have reached that point.<\/p>\n\n\n\n<p class=\"wp-block-paragraph\">A specialist in clinical Psychoneuroimmunology and molecular biology, Ca\u00f1ellas maintains that the organism cannot be understood as independent parts and that each patient's history is part of their biology.<\/p>\n\n\n\n<p class=\"wp-block-paragraph\">\u201cMy philosophy is to care for people, not diagnoses, not numbers, not biomarkers,\u201d he explains during his conversation with <em>Wellness Forum<\/em>. In his practice, this position translates into reconstructing the patient's biography to try to identify the mechanisms that may lie behind their state of health.<\/p>\n\n\n\n<p class=\"wp-block-paragraph\">Diagnostic tests and biological markers still play a relevant role, but they need a clinical hypothesis to give them meaning. Data loses its explanatory power when it replaces the story, and a single blood test ends up being interpreted as if it could describe the person on its own.<\/p>\n\n\n\n<p class=\"wp-block-paragraph\"><strong>The same diagnosis does not necessarily mean the same problem<\/strong><\/p>\n\n\n\n<p class=\"wp-block-paragraph\">Ca\u00f1ellas turns to SIBO to explain the difference between identifying an alteration and understanding why it has occurred. Two people can receive the same diagnosis and have arrived at it through completely different paths.<\/p>\n\n\n\n<p class=\"wp-block-paragraph\">Small intestinal bacterial overgrowth can be related to alterations in digestive function, changes in the microbiota, issues linked to gastric acid or bile production, overgrowth of other microorganisms, or circumstances affecting the digestive system's functioning. From his perspective, merely eliminating the overgrowth without investigating what favored it leaves the central question unanswered: why did it appear in that particular patient. This distinction forces a separation between two concepts often used as if they were equivalent: disease and dysfunction.<\/p>\n\n\n\n<p class=\"wp-block-paragraph\">For Ca\u00f1ellas, a disease corresponds to a clinical entity with identifiable biological mechanisms, while a dysfunction describes an alteration in functioning that can have multiple causes. SIBO, within this framework, would be a dysfunction rather than a disease in itself.<\/p>\n\n\n\n<p class=\"wp-block-paragraph\">The difference changes how the problem is approached. If treatment focuses exclusively on the observable phenomenon\u2014in this case, the excess of bacteria\u2014improvement may occur without the conditions that favored its appearance disappearing. Relapse would then be a possible consequence of having treated the result without intervening at the source.<\/p>\n\n\n\n<p class=\"wp-block-paragraph\">Ca\u00f1ellas extends this reasoning to many of the tools currently circulating in the health and wellness sphere. An intervention may have scientific evidence and prove useful in certain circumstances, but that does not make it an appropriate response for everyone.<\/p>\n\n\n\n<p class=\"wp-block-paragraph\">\u201cWe need the right tool for the right problem,\u201d he summarizes. This statement takes on particular relevance at a time when health communication also functions as a marketplace of solutions. Red light, fasting, supplements, diets, probiotics, training, cold, heat, or various metabolic optimization strategies can all have their place. The difficulty arises when a tool is presented as a universal answer.<\/p>\n\n\n\n<figure class=\"wp-block-image size-large\"><img fetchpriority=\"high\" decoding=\"async\" width=\"1024\" height=\"683\" src=\"https:\/\/wellnessforum.pro\/wp-content\/uploads\/2026\/09\/Soni-Martinez-Xavi160-1024x683.jpg\" alt=\"\" class=\"wp-image-6588\" srcset=\"https:\/\/wellnessforum.pro\/wp-content\/uploads\/2026\/09\/Soni-Martinez-Xavi160-1024x683.jpg 1024w, https:\/\/wellnessforum.pro\/wp-content\/uploads\/2026\/09\/Soni-Martinez-Xavi160-300x200.jpg 300w, https:\/\/wellnessforum.pro\/wp-content\/uploads\/2026\/09\/Soni-Martinez-Xavi160-768x512.jpg 768w, https:\/\/wellnessforum.pro\/wp-content\/uploads\/2026\/09\/Soni-Martinez-Xavi160-18x12.jpg 18w, https:\/\/wellnessforum.pro\/wp-content\/uploads\/2026\/09\/Soni-Martinez-Xavi160.jpg 1200w\" sizes=\"(max-width: 1024px) 100vw, 1024px\" \/><\/figure>\n\n\n\n<p class=\"wp-block-paragraph\"><strong>From biomarker to biography<\/strong><\/p>\n\n\n\n<p class=\"wp-block-paragraph\">Contemporary medicine possesses an extraordinary capacity to measure. Blood tests, imaging, sequencing, biomarkers, and devices capable of continuously recording various physiological variables have notably expanded the observation of the organism.<\/p>\n\n\n\n<p class=\"wp-block-paragraph\">That capacity does not by itself guarantee deeper understanding. For Ca\u00f1ellas, a blood test is a photograph: it reports on certain parameters at a specific moment, but it needs a clinical history to interpret that data. \u201cA complementary test without a real patient history makes no sense,\u201d he asserts.<\/p>\n\n\n\n<p class=\"wp-block-paragraph\">Listening thus occupies a central place in his clinical approach: the patient arrives at the consultation with a considerable amount of information, though often disorganized: symptoms, family events, work changes, losses, stress, eating habits, sleep, personal relationships, medical history, and experiences that may date back years. The professional's role is to organize that material and turn it into hypotheses that can then be tested through relevant diagnostic tools.<\/p>\n\n\n\n<p class=\"wp-block-paragraph\">The story does not replace science; it provides context, and that contextualization is especially relevant in complex processes where different body systems interact and there is not always a linear relationship between cause and effect.<\/p>\n\n\n\n<p class=\"wp-block-paragraph\"><strong>The gut does not end where digestion finishes<\/strong><\/p>\n\n\n\n<p class=\"wp-block-paragraph\">A substantial part of Ca\u00f1ellas's work has developed around the microbiota and the relationship between the digestive system and other systems. In the interview, he insists on the neurological component of the gut and recalls that the enteric nervous system contains an extraordinary number of neurons, in addition to maintaining a close relationship with the central nervous system.<\/p>\n\n\n\n<p class=\"wp-block-paragraph\">The microbiota should also not be understood as an isolated compartment. Contemporary scientific literature has consolidated interest in the interactions between microbiota, nervous system, immunity, and metabolism, although the magnitude and clinical relevance of many of these relationships continue to be the subject of research.<\/p>\n\n\n\n<p class=\"wp-block-paragraph\">The practical conclusion Ca\u00f1ellas draws is that intervening on the gut without considering the physiological and life context in which it functions can offer an incomplete explanation. His years of public education work have consistently emphasized the connection between microbiota, stress, nervous system, and behavior.<\/p>\n\n\n\n<p class=\"wp-block-paragraph\"><strong>Stress as part of the clinical history<\/strong><\/p>\n\n\n\n<p class=\"wp-block-paragraph\">Another recurring dimension in his discourse relates to how certain life events can modify physiology.<\/p>\n\n\n\n<p class=\"wp-block-paragraph\">A person going through grief, enduring a demanding family situation for years, or living under constant work pressure is not simply having a rough patch. They may change their eating habits, sleep worse, alter their physical activity, shift their relationship with food, and maintain a heightened activation of the stress system over long periods.<\/p>\n\n\n\n<p class=\"wp-block-paragraph\">That does not mean a specific emotional experience is by itself the cause of an illness. The relationship between stress, behavior, nervous system, immunity, and disease is more complex and does not allow for automatic explanations.<\/p>\n\n\n\n<p class=\"wp-block-paragraph\">For that reason, Ca\u00f1ellas speaks in terms of hypotheses: rather than assuming that one event directly explains a pathology, he proposes building a clinical hypothesis and then trying to dismantle it. If the available data does not contradict it, it can become a plausible explanation that helps guide the intervention.<\/p>\n\n\n\n<p class=\"wp-block-paragraph\">That way of reasoning restores prominence to the clinical process and avoids the temptation to find a single cause for problems that are, in many cases, multifactorial.<\/p>\n\n\n\n<p class=\"wp-block-paragraph\"><strong>The paradox of an increasingly informed society<\/strong><\/p>\n\n\n\n<p class=\"wp-block-paragraph\">The wellness world lives with an evident contradiction. Health information has multiplied, but so have contradictory messages.<\/p>\n\n\n\n<p class=\"wp-block-paragraph\">Every week a new recommendation appears on nutrition, supplements, fasting, exercise, sleep, or longevity. The accumulation can generate the feeling that there is always something more to do and that any everyday decision should respond to an optimization strategy.<\/p>\n\n\n\n<p class=\"wp-block-paragraph\">Ca\u00f1ellas believes that health communication has helped raise awareness, although it can also produce a kind of \u201cillness from excess health\u201d: a permanent search for improvement that ends up turning self-care into another source of pressure.<\/p>\n\n\n\n<p class=\"wp-block-paragraph\">If wellness is reduced to accumulating protocols, it reproduces the very problem it aims to correct. The person stops being the center and becomes a set of parameters that must be kept under control.<\/p>\n\n\n\n<p class=\"wp-block-paragraph\">His proposal sits elsewhere: understanding why a person eats the way they eat, how they sleep, what place stress occupies in their life, what events have marked their trajectory, what can really change, and what intervention makes sense for them.<\/p>\n\n\n\n<p class=\"wp-block-paragraph\"><strong>The patient is also part of the treatment<\/strong><\/p>\n\n\n\n<p class=\"wp-block-paragraph\">This approach also changes the relationship between professional and patient. If the goal is for a person to understand what is happening, they stop being a passive receiver of instructions.<\/p>\n\n\n\n<p class=\"wp-block-paragraph\">Ca\u00f1ellas questions the idea that the healthcare professional is the one who \u201ccures\u201d the patient. The doctor, therapist, or health professional can act on certain mechanisms, provide tools, and accompany processes, but the organism and the person themselves actively participate in recovery.<\/p>\n\n\n\n<p class=\"wp-block-paragraph\">This statement does not mean denying the role of medicine, but rather recognizing the patient's responsibility within the process. In chronic, autoimmune, or established organic damage conditions, achieving remission or remaining asymptomatic does not necessarily equate to eliminating the disease or its predisposition.<\/p>\n\n\n\n<p class=\"wp-block-paragraph\">Ca\u00f1ellas himself acknowledges that boundary when asking what \u201cbeing cured\u201d really means in an autoimmune disease. A genetic predisposition does not disappear because symptoms disappear, and irreversible organic damage cannot simply be repaired through lifestyle changes.<\/p>\n\n\n\n<p class=\"wp-block-paragraph\">Distinguishing between remission, disease control, absence of symptoms, and cure is essential to prevent integrative medicine from ending up making promises as simplistic as those it criticizes.<\/p>\n\n\n\n<p class=\"wp-block-paragraph\"><strong>Medicine's great deficit may be time<\/strong><\/p>\n\n\n\n<p class=\"wp-block-paragraph\">One of the most relevant points of the conversation has to do with a less sophisticated issue than microbiota or personalized medicine: the time available to listen.<\/p>\n\n\n\n<p class=\"wp-block-paragraph\">Ca\u00f1ellas points out that a healthcare system in which a consultation can be reduced to a few minutes makes it difficult to take an approach based on the patient's history. The problem, he insists, does not necessarily lie with the professional in front of the patient, but with a system organized around a particular management of time and resources.<\/p>\n\n\n\n<p class=\"wp-block-paragraph\">Patients have also learned to go to consultations seeking an immediate answer: a diagnosis, a prescription, or a test. The lack of time to understand the problem increases the pressure to find a quick solution, even when that solution does not always match the complexity of the case.<\/p>\n\n\n\n<p class=\"wp-block-paragraph\">Technology will make it possible to measure more and more variables, detect previously invisible patterns, and personalize certain interventions. None of those capabilities eliminates the need to interpret information or replaces the clinical relationship.<\/p>\n\n\n\n<p class=\"wp-block-paragraph\"><strong>More prevention, fewer universal prescriptions<\/strong><\/p>\n\n\n\n<p class=\"wp-block-paragraph\">Ca\u00f1ellas takes this reflection into the realm of prevention. In his view, a deep healthcare transformation would require shifting part of the focus from treating disease toward building health before it appears.<\/p>\n\n\n\n<p class=\"wp-block-paragraph\">Eso implica educaci\u00f3n alimentaria, h\u00e1bitos saludables, actividad f\u00edsica, sue\u00f1o, gesti\u00f3n del estr\u00e9s y alfabetizaci\u00f3n sanitaria, pero tambi\u00e9n una transformaci\u00f3n cultural. La prevenci\u00f3n no puede consistir \u00fanicamente en pedir al individuo que se cuide m\u00e1s mientras el entorno contin\u00faa promoviendo comportamientos que dificultan ese cuidado.<\/p>\n\n\n\n<p class=\"wp-block-paragraph\">En la conversaci\u00f3n pone como ejemplo el alcohol y la alimentaci\u00f3n, y cuestiona la influencia de los intereses econ\u00f3micos sobre determinados mensajes de salud p\u00fablica. M\u00e1s all\u00e1 de la valoraci\u00f3n concreta de cada industria o campa\u00f1a, la cuesti\u00f3n que plantea resulta pertinente: qu\u00e9 capacidad tiene realmente una persona para tomar decisiones saludables cuando recibe informaci\u00f3n contradictoria y vive en un entorno que a menudo juega en sentido contrario. La respuesta no puede reducirse a otro listado de consejos. Una recomendaci\u00f3n aislada tampoco puede explicar la salud de una persona.<\/p>\n\n\n\n<p class=\"wp-block-paragraph\"><strong>La medicina personalizada empieza mucho antes del tratamiento<\/strong><\/p>\n\n\n\n<p class=\"wp-block-paragraph\">La propuesta de Ca\u00f1ellas no consiste tanto en a\u00f1adir nuevas herramientas al arsenal sanitario como en modificar el orden en que se utilizan. Primero est\u00e1 la persona, despu\u00e9s su historia y, a partir de ah\u00ed, las hip\u00f3tesis que deben contrastarse con las pruebas y las herramientas disponibles.<\/p>\n\n\n\n<p class=\"wp-block-paragraph\">La secuencia parece sencilla, pero choca con una cultura sanitaria fascinada por los datos, la tecnolog\u00eda y las soluciones r\u00e1pidas. Tambi\u00e9n obliga a aceptar que dos personas con el mismo diagn\u00f3stico pueden necesitar estrategias diferentes, que una intervenci\u00f3n eficaz para un paciente puede resultar irrelevante para otro y que modificar un biomarcador no siempre equivale a resolver aquello que provoc\u00f3 su alteraci\u00f3n.<\/p>\n\n\n\n<p class=\"wp-block-paragraph\">La salud personalizada no deber\u00eda confundirse con una anal\u00edtica cada vez m\u00e1s sofisticada ni con un protocolo dise\u00f1ado a partir de un n\u00famero creciente de variables. Personalizar significa comprender a qui\u00e9n se est\u00e1 tratando. Esa comprensi\u00f3n requiere contexto, algo que ninguna m\u00e1quina puede proporcionar por s\u00ed sola.<\/p>\n\n\n\n<p class=\"wp-block-paragraph\">En un momento en que el wellness corre el riesgo de convertirse en una sucesi\u00f3n infinita de protocolos, suplementos y estrategias de optimizaci\u00f3n, la reflexi\u00f3n de Ca\u00f1ellas devuelve la conversaci\u00f3n a la relaci\u00f3n entre la persona y su propia salud.<\/p>\n\n\n\n<p class=\"wp-block-paragraph\">No se trata de elegir entre medicina y estilo de vida, entre tecnolog\u00eda y escucha, entre f\u00e1rmacos y h\u00e1bitos. Se trata de entender qu\u00e9 papel corresponde a cada herramienta y qu\u00e9 problema se intenta resolver antes de decidir c\u00f3mo abordarlo.<\/p>\n\n\n\n<p class=\"wp-block-paragraph\">Una medicina m\u00e1s personalizada no depender\u00e1 \u00fanicamente de medir m\u00e1s, sino de interpretar mejor la informaci\u00f3n disponible y de recuperar una pr\u00e1ctica cl\u00ednica en la que escuchar vuelva a formar parte del diagn\u00f3stico.<\/p>","protected":false},"excerpt":{"rendered":"<p>Xavi Ca\u00f1ellas defiende una mirada cl\u00ednica que pone la historia vital de cada persona en el centro y cuestiona una medicina demasiado acostumbrada a interpretar el cuerpo a trav\u00e9s de diagn\u00f3sticos, biomarcadores y tratamientos aislados. La pregunta que orienta la pr\u00e1ctica de Xavi Ca\u00f1ellas no es \u00fanicamente qu\u00e9 diagn\u00f3stico aparece en una anal\u00edtica ni qu\u00e9 [&hellip;]<\/p>\n","protected":false},"author":2,"featured_media":6587,"comment_status":"closed","ping_status":"open","sticky":false,"template":"","format":"standard","meta":{"footnotes":""},"categories":[162,80,25],"tags":[],"class_list":["post-6586","post","type-post","status-publish","format-standard","has-post-thumbnail","hentry","category-actualidad","category-gurus","category-salud"],"yoast_head":"<!-- This site is optimized with the Yoast SEO plugin v28.3 - https:\/\/yoast.com\/product\/yoast-seo-wordpress\/ -->\n<title>Escuchar al paciente, antes de medirlo, es clave para enfocar un diagn\u00f3stico sensato<\/title>\n<meta name=\"description\" content=\"el organismo no puede entenderse por piezas independientes y que la historia de cada paciente forma parte de su biolog\u00eda.\" \/>\n<meta name=\"robots\" content=\"index, follow, max-snippet:-1, max-image-preview:large, max-video-preview:-1\" \/>\n<link rel=\"canonical\" href=\"https:\/\/wellnessforum.pro\/en\/listening-to-the-patient-before-measuring-them-is-key-to-focusing-on-a-sensible-diagnosis\/\" \/>\n<meta property=\"og:locale\" content=\"en_GB\" \/>\n<meta property=\"og:type\" content=\"article\" \/>\n<meta property=\"og:title\" content=\"Escuchar al paciente, antes de medirlo, es clave para enfocar un diagn\u00f3stico sensato\" \/>\n<meta property=\"og:description\" content=\"el organismo no puede entenderse por piezas independientes y que la historia de cada paciente forma parte de su biolog\u00eda.\" \/>\n<meta property=\"og:url\" content=\"https:\/\/wellnessforum.pro\/en\/listening-to-the-patient-before-measuring-them-is-key-to-focusing-on-a-sensible-diagnosis\/\" \/>\n<meta property=\"og:site_name\" content=\"Wellness Forum\" \/>\n<meta property=\"article:published_time\" content=\"2026-09-04T14:11:15+00:00\" \/>\n<meta property=\"article:modified_time\" content=\"2026-09-04T14:11:22+00:00\" \/>\n<meta property=\"og:image\" content=\"https:\/\/wellnessforum.pro\/wp-content\/uploads\/2026\/09\/Swingyourpics204140.jpg\" \/>\n\t<meta property=\"og:image:width\" content=\"1200\" \/>\n\t<meta property=\"og:image:height\" content=\"1208\" \/>\n\t<meta property=\"og:image:type\" content=\"image\/jpeg\" \/>\n<meta name=\"author\" content=\"Nadia Tresoro\" \/>\n<meta name=\"twitter:card\" content=\"summary_large_image\" \/>\n<meta name=\"twitter:label1\" content=\"Written by\" \/>\n\t<meta name=\"twitter:data1\" content=\"Nadia Tresoro\" \/>\n\t<meta name=\"twitter:label2\" content=\"Estimated reading time\" \/>\n\t<meta name=\"twitter:data2\" content=\"11 minutes\" \/>\n<script type=\"application\/ld+json\" class=\"yoast-schema-graph\">{\"@context\":\"https:\\\/\\\/schema.org\",\"@graph\":[{\"@type\":\"Article\",\"@id\":\"https:\\\/\\\/wellnessforum.pro\\\/escuchar-al-paciente-antes-de-medirlo-es-clave-para-enfocar-un-diagnostico-sensato\\\/#article\",\"isPartOf\":{\"@id\":\"https:\\\/\\\/wellnessforum.pro\\\/escuchar-al-paciente-antes-de-medirlo-es-clave-para-enfocar-un-diagnostico-sensato\\\/\"},\"author\":{\"name\":\"Nadia Tresoro\",\"@id\":\"https:\\\/\\\/wellnessforum.pro\\\/#\\\/schema\\\/person\\\/d9ff1cceff0b8f1d118cb255379e1e8e\"},\"headline\":\"Escuchar al paciente, antes de medirlo, es clave para enfocar un diagn\u00f3stico sensato\",\"datePublished\":\"2026-09-04T14:11:15+00:00\",\"dateModified\":\"2026-09-04T14:11:22+00:00\",\"mainEntityOfPage\":{\"@id\":\"https:\\\/\\\/wellnessforum.pro\\\/escuchar-al-paciente-antes-de-medirlo-es-clave-para-enfocar-un-diagnostico-sensato\\\/\"},\"wordCount\":2387,\"publisher\":{\"@id\":\"https:\\\/\\\/wellnessforum.pro\\\/#organization\"},\"image\":{\"@id\":\"https:\\\/\\\/wellnessforum.pro\\\/escuchar-al-paciente-antes-de-medirlo-es-clave-para-enfocar-un-diagnostico-sensato\\\/#primaryimage\"},\"thumbnailUrl\":\"https:\\\/\\\/wellnessforum.pro\\\/wp-content\\\/uploads\\\/2026\\\/09\\\/Swingyourpics204140.jpg\",\"articleSection\":[\"Actualidad\",\"Gurus\",\"Salud\"],\"inLanguage\":\"en-GB\"},{\"@type\":\"WebPage\",\"@id\":\"https:\\\/\\\/wellnessforum.pro\\\/escuchar-al-paciente-antes-de-medirlo-es-clave-para-enfocar-un-diagnostico-sensato\\\/\",\"url\":\"https:\\\/\\\/wellnessforum.pro\\\/escuchar-al-paciente-antes-de-medirlo-es-clave-para-enfocar-un-diagnostico-sensato\\\/\",\"name\":\"Escuchar al paciente, antes de medirlo, es clave para enfocar un diagn\u00f3stico sensato\",\"isPartOf\":{\"@id\":\"https:\\\/\\\/wellnessforum.pro\\\/#website\"},\"primaryImageOfPage\":{\"@id\":\"https:\\\/\\\/wellnessforum.pro\\\/escuchar-al-paciente-antes-de-medirlo-es-clave-para-enfocar-un-diagnostico-sensato\\\/#primaryimage\"},\"image\":{\"@id\":\"https:\\\/\\\/wellnessforum.pro\\\/escuchar-al-paciente-antes-de-medirlo-es-clave-para-enfocar-un-diagnostico-sensato\\\/#primaryimage\"},\"thumbnailUrl\":\"https:\\\/\\\/wellnessforum.pro\\\/wp-content\\\/uploads\\\/2026\\\/09\\\/Swingyourpics204140.jpg\",\"datePublished\":\"2026-09-04T14:11:15+00:00\",\"dateModified\":\"2026-09-04T14:11:22+00:00\",\"description\":\"el organismo no puede entenderse por piezas independientes y que la historia de cada paciente forma parte de su biolog\u00eda.\",\"breadcrumb\":{\"@id\":\"https:\\\/\\\/wellnessforum.pro\\\/escuchar-al-paciente-antes-de-medirlo-es-clave-para-enfocar-un-diagnostico-sensato\\\/#breadcrumb\"},\"inLanguage\":\"en-GB\",\"potentialAction\":[{\"@type\":\"ReadAction\",\"target\":[\"https:\\\/\\\/wellnessforum.pro\\\/escuchar-al-paciente-antes-de-medirlo-es-clave-para-enfocar-un-diagnostico-sensato\\\/\"]}]},{\"@type\":\"ImageObject\",\"inLanguage\":\"en-GB\",\"@id\":\"https:\\\/\\\/wellnessforum.pro\\\/escuchar-al-paciente-antes-de-medirlo-es-clave-para-enfocar-un-diagnostico-sensato\\\/#primaryimage\",\"url\":\"https:\\\/\\\/wellnessforum.pro\\\/wp-content\\\/uploads\\\/2026\\\/09\\\/Swingyourpics204140.jpg\",\"contentUrl\":\"https:\\\/\\\/wellnessforum.pro\\\/wp-content\\\/uploads\\\/2026\\\/09\\\/Swingyourpics204140.jpg\",\"width\":1200,\"height\":1208},{\"@type\":\"BreadcrumbList\",\"@id\":\"https:\\\/\\\/wellnessforum.pro\\\/escuchar-al-paciente-antes-de-medirlo-es-clave-para-enfocar-un-diagnostico-sensato\\\/#breadcrumb\",\"itemListElement\":[{\"@type\":\"ListItem\",\"position\":1,\"name\":\"Portada\",\"item\":\"https:\\\/\\\/wellnessforum.pro\\\/\"},{\"@type\":\"ListItem\",\"position\":2,\"name\":\"Actualidad\",\"item\":\"https:\\\/\\\/wellnessforum.pro\\\/actualidad\\\/\"},{\"@type\":\"ListItem\",\"position\":3,\"name\":\"Escuchar al paciente, antes de medirlo, es clave para enfocar un diagn\u00f3stico sensato\"}]},{\"@type\":\"WebSite\",\"@id\":\"https:\\\/\\\/wellnessforum.pro\\\/#website\",\"url\":\"https:\\\/\\\/wellnessforum.pro\\\/\",\"name\":\"Wellness Forum\",\"description\":\"\u00bfQuieres una vida m\u00e1s saludable y pr\u00f3spera? Visita Wellness Forum y encuentra las mejores gu\u00edas y consejos en salud, bienestar y riqueza. \u00a1Empieza tu transformaci\u00f3n!\",\"publisher\":{\"@id\":\"https:\\\/\\\/wellnessforum.pro\\\/#organization\"},\"potentialAction\":[{\"@type\":\"SearchAction\",\"target\":{\"@type\":\"EntryPoint\",\"urlTemplate\":\"https:\\\/\\\/wellnessforum.pro\\\/?s={search_term_string}\"},\"query-input\":{\"@type\":\"PropertyValueSpecification\",\"valueRequired\":true,\"valueName\":\"search_term_string\"}}],\"inLanguage\":\"en-GB\"},{\"@type\":\"Organization\",\"@id\":\"https:\\\/\\\/wellnessforum.pro\\\/#organization\",\"name\":\"Wellness Forum\",\"url\":\"https:\\\/\\\/wellnessforum.pro\\\/\",\"logo\":{\"@type\":\"ImageObject\",\"inLanguage\":\"en-GB\",\"@id\":\"https:\\\/\\\/wellnessforum.pro\\\/#\\\/schema\\\/logo\\\/image\\\/\",\"url\":\"https:\\\/\\\/wellnessforum.pro\\\/wp-content\\\/uploads\\\/2023\\\/09\\\/160LOGO-WF.png\",\"contentUrl\":\"https:\\\/\\\/wellnessforum.pro\\\/wp-content\\\/uploads\\\/2023\\\/09\\\/160LOGO-WF.png\",\"width\":235,\"height\":160,\"caption\":\"Wellness Forum\"},\"image\":{\"@id\":\"https:\\\/\\\/wellnessforum.pro\\\/#\\\/schema\\\/logo\\\/image\\\/\"}},{\"@type\":\"Person\",\"@id\":\"https:\\\/\\\/wellnessforum.pro\\\/#\\\/schema\\\/person\\\/d9ff1cceff0b8f1d118cb255379e1e8e\",\"name\":\"Nadia Tresoro\",\"image\":{\"@type\":\"ImageObject\",\"inLanguage\":\"en-GB\",\"@id\":\"https:\\\/\\\/secure.gravatar.com\\\/avatar\\\/1f61d2512baeae917923e36d03cd5d197e8a08ee8f8b2a41dcc1f094e26312c4?s=96&d=mm&r=g\",\"url\":\"https:\\\/\\\/secure.gravatar.com\\\/avatar\\\/1f61d2512baeae917923e36d03cd5d197e8a08ee8f8b2a41dcc1f094e26312c4?s=96&d=mm&r=g\",\"contentUrl\":\"https:\\\/\\\/secure.gravatar.com\\\/avatar\\\/1f61d2512baeae917923e36d03cd5d197e8a08ee8f8b2a41dcc1f094e26312c4?s=96&d=mm&r=g\",\"caption\":\"Nadia Tresoro\"}}]}<\/script>\n<!-- \/ Yoast SEO plugin. -->","yoast_head_json":{"title":"Listening to the patient, before measuring them, is key to focusing on a sensible diagnosis","description":"the organism cannot be understood as independent pieces, and that each patient's history is part of their biology.","robots":{"index":"index","follow":"follow","max-snippet":"max-snippet:-1","max-image-preview":"max-image-preview:large","max-video-preview":"max-video-preview:-1"},"canonical":"https:\/\/wellnessforum.pro\/en\/listening-to-the-patient-before-measuring-them-is-key-to-focusing-on-a-sensible-diagnosis\/","og_locale":"en_GB","og_type":"article","og_title":"Escuchar al paciente, antes de medirlo, es clave para enfocar un diagn\u00f3stico sensato","og_description":"el organismo no puede entenderse por piezas independientes y que la historia de cada paciente forma parte de su biolog\u00eda.","og_url":"https:\/\/wellnessforum.pro\/en\/listening-to-the-patient-before-measuring-them-is-key-to-focusing-on-a-sensible-diagnosis\/","og_site_name":"Wellness Forum","article_published_time":"2026-09-04T14:11:15+00:00","article_modified_time":"2026-09-04T14:11:22+00:00","og_image":[{"width":1200,"height":1208,"url":"https:\/\/wellnessforum.pro\/wp-content\/uploads\/2026\/09\/Swingyourpics204140.jpg","type":"image\/jpeg"}],"author":"Nadia Tresoro","twitter_card":"summary_large_image","twitter_misc":{"Written by":"Nadia Tresoro","Estimated reading time":"11 minutes"},"schema":{"@context":"https:\/\/schema.org","@graph":[{"@type":"Article","@id":"https:\/\/wellnessforum.pro\/escuchar-al-paciente-antes-de-medirlo-es-clave-para-enfocar-un-diagnostico-sensato\/#article","isPartOf":{"@id":"https:\/\/wellnessforum.pro\/escuchar-al-paciente-antes-de-medirlo-es-clave-para-enfocar-un-diagnostico-sensato\/"},"author":{"name":"Nadia Tresoro","@id":"https:\/\/wellnessforum.pro\/#\/schema\/person\/d9ff1cceff0b8f1d118cb255379e1e8e"},"headline":"Escuchar al paciente, antes de medirlo, es clave para enfocar un diagn\u00f3stico sensato","datePublished":"2026-09-04T14:11:15+00:00","dateModified":"2026-09-04T14:11:22+00:00","mainEntityOfPage":{"@id":"https:\/\/wellnessforum.pro\/escuchar-al-paciente-antes-de-medirlo-es-clave-para-enfocar-un-diagnostico-sensato\/"},"wordCount":2387,"publisher":{"@id":"https:\/\/wellnessforum.pro\/#organization"},"image":{"@id":"https:\/\/wellnessforum.pro\/escuchar-al-paciente-antes-de-medirlo-es-clave-para-enfocar-un-diagnostico-sensato\/#primaryimage"},"thumbnailUrl":"https:\/\/wellnessforum.pro\/wp-content\/uploads\/2026\/09\/Swingyourpics204140.jpg","articleSection":["Actualidad","Gurus","Salud"],"inLanguage":"en-GB"},{"@type":"WebPage","@id":"https:\/\/wellnessforum.pro\/escuchar-al-paciente-antes-de-medirlo-es-clave-para-enfocar-un-diagnostico-sensato\/","url":"https:\/\/wellnessforum.pro\/escuchar-al-paciente-antes-de-medirlo-es-clave-para-enfocar-un-diagnostico-sensato\/","name":"Listening to the patient, before measuring them, is key to focusing on a sensible diagnosis","isPartOf":{"@id":"https:\/\/wellnessforum.pro\/#website"},"primaryImageOfPage":{"@id":"https:\/\/wellnessforum.pro\/escuchar-al-paciente-antes-de-medirlo-es-clave-para-enfocar-un-diagnostico-sensato\/#primaryimage"},"image":{"@id":"https:\/\/wellnessforum.pro\/escuchar-al-paciente-antes-de-medirlo-es-clave-para-enfocar-un-diagnostico-sensato\/#primaryimage"},"thumbnailUrl":"https:\/\/wellnessforum.pro\/wp-content\/uploads\/2026\/09\/Swingyourpics204140.jpg","datePublished":"2026-09-04T14:11:15+00:00","dateModified":"2026-09-04T14:11:22+00:00","description":"the organism cannot be understood as independent pieces, and that each patient's history is part of their biology.","breadcrumb":{"@id":"https:\/\/wellnessforum.pro\/escuchar-al-paciente-antes-de-medirlo-es-clave-para-enfocar-un-diagnostico-sensato\/#breadcrumb"},"inLanguage":"en-GB","potentialAction":[{"@type":"ReadAction","target":["https:\/\/wellnessforum.pro\/escuchar-al-paciente-antes-de-medirlo-es-clave-para-enfocar-un-diagnostico-sensato\/"]}]},{"@type":"ImageObject","inLanguage":"en-GB","@id":"https:\/\/wellnessforum.pro\/escuchar-al-paciente-antes-de-medirlo-es-clave-para-enfocar-un-diagnostico-sensato\/#primaryimage","url":"https:\/\/wellnessforum.pro\/wp-content\/uploads\/2026\/09\/Swingyourpics204140.jpg","contentUrl":"https:\/\/wellnessforum.pro\/wp-content\/uploads\/2026\/09\/Swingyourpics204140.jpg","width":1200,"height":1208},{"@type":"BreadcrumbList","@id":"https:\/\/wellnessforum.pro\/escuchar-al-paciente-antes-de-medirlo-es-clave-para-enfocar-un-diagnostico-sensato\/#breadcrumb","itemListElement":[{"@type":"ListItem","position":1,"name":"Portada","item":"https:\/\/wellnessforum.pro\/"},{"@type":"ListItem","position":2,"name":"Actualidad","item":"https:\/\/wellnessforum.pro\/actualidad\/"},{"@type":"ListItem","position":3,"name":"Escuchar al paciente, antes de medirlo, es clave para enfocar un diagn\u00f3stico sensato"}]},{"@type":"WebSite","@id":"https:\/\/wellnessforum.pro\/#website","url":"https:\/\/wellnessforum.pro\/","name":"Wellness Forum","description":"Do you want a healthier and more prosperous life? Visit the Wellness Forum and find the best guides and advice on health, wellness and wealth - start your transformation!","publisher":{"@id":"https:\/\/wellnessforum.pro\/#organization"},"potentialAction":[{"@type":"SearchAction","target":{"@type":"EntryPoint","urlTemplate":"https:\/\/wellnessforum.pro\/?s={search_term_string}"},"query-input":{"@type":"PropertyValueSpecification","valueRequired":true,"valueName":"search_term_string"}}],"inLanguage":"en-GB"},{"@type":"Organization","@id":"https:\/\/wellnessforum.pro\/#organization","name":"Wellness Forum","url":"https:\/\/wellnessforum.pro\/","logo":{"@type":"ImageObject","inLanguage":"en-GB","@id":"https:\/\/wellnessforum.pro\/#\/schema\/logo\/image\/","url":"https:\/\/wellnessforum.pro\/wp-content\/uploads\/2023\/09\/160LOGO-WF.png","contentUrl":"https:\/\/wellnessforum.pro\/wp-content\/uploads\/2023\/09\/160LOGO-WF.png","width":235,"height":160,"caption":"Wellness Forum"},"image":{"@id":"https:\/\/wellnessforum.pro\/#\/schema\/logo\/image\/"}},{"@type":"Person","@id":"https:\/\/wellnessforum.pro\/#\/schema\/person\/d9ff1cceff0b8f1d118cb255379e1e8e","name":"Nadia Tresoro","image":{"@type":"ImageObject","inLanguage":"en-GB","@id":"https:\/\/secure.gravatar.com\/avatar\/1f61d2512baeae917923e36d03cd5d197e8a08ee8f8b2a41dcc1f094e26312c4?s=96&d=mm&r=g","url":"https:\/\/secure.gravatar.com\/avatar\/1f61d2512baeae917923e36d03cd5d197e8a08ee8f8b2a41dcc1f094e26312c4?s=96&d=mm&r=g","contentUrl":"https:\/\/secure.gravatar.com\/avatar\/1f61d2512baeae917923e36d03cd5d197e8a08ee8f8b2a41dcc1f094e26312c4?s=96&d=mm&r=g","caption":"Nadia Tresoro"}}]}},"_links":{"self":[{"href":"https:\/\/wellnessforum.pro\/en\/wp-json\/wp\/v2\/posts\/6586","targetHints":{"allow":["GET"]}}],"collection":[{"href":"https:\/\/wellnessforum.pro\/en\/wp-json\/wp\/v2\/posts"}],"about":[{"href":"https:\/\/wellnessforum.pro\/en\/wp-json\/wp\/v2\/types\/post"}],"author":[{"embeddable":true,"href":"https:\/\/wellnessforum.pro\/en\/wp-json\/wp\/v2\/users\/2"}],"replies":[{"embeddable":true,"href":"https:\/\/wellnessforum.pro\/en\/wp-json\/wp\/v2\/comments?post=6586"}],"version-history":[{"count":1,"href":"https:\/\/wellnessforum.pro\/en\/wp-json\/wp\/v2\/posts\/6586\/revisions"}],"predecessor-version":[{"id":6589,"href":"https:\/\/wellnessforum.pro\/en\/wp-json\/wp\/v2\/posts\/6586\/revisions\/6589"}],"wp:featuredmedia":[{"embeddable":true,"href":"https:\/\/wellnessforum.pro\/en\/wp-json\/wp\/v2\/media\/6587"}],"wp:attachment":[{"href":"https:\/\/wellnessforum.pro\/en\/wp-json\/wp\/v2\/media?parent=6586"}],"wp:term":[{"taxonomy":"category","embeddable":true,"href":"https:\/\/wellnessforum.pro\/en\/wp-json\/wp\/v2\/categories?post=6586"},{"taxonomy":"post_tag","embeddable":true,"href":"https:\/\/wellnessforum.pro\/en\/wp-json\/wp\/v2\/tags?post=6586"}],"curies":[{"name":"wp","href":"https:\/\/api.w.org\/{rel}","templated":true}]}}